{"id":4141,"date":"2013-05-02T11:48:56","date_gmt":"2013-05-02T16:48:56","guid":{"rendered":"http:\/\/www.openstack.org\/blog\/?p=4141"},"modified":"2013-05-03T12:32:07","modified_gmt":"2013-05-03T17:32:07","slug":"germany-israel-hungary-openstack-events","status":"publish","type":"post","link":"https:\/\/www.openstack.org\/blog\/germany-israel-hungary-openstack-events\/","title":{"rendered":"Germany, Israel &#038; Hungary &#8211; OpenStack Events"},"content":{"rendered":"<p class=\"lead\">Jonathan Bryce and a few members of the OpenStack Foundation team will be heading to Europe later this month to attend three key regional events. Jonathan and other noteworthy members of the OpenStack community will be speaking at each event. If you are in the area and would like to learn more about OpenStack or network with others in the community \u2013 please plan to attend!<\/p>\n<p>Help us spread the word, and we hope to see you there!<\/p>\n<p><b>Berlin, Germany \u2013 Friday, May 24<\/b><\/p>\n<p style=\"text-align: left;\"><a href=\"http:\/\/openstackdach2013.eventbrite.com\"><img loading=\"lazy\" class=\"alignnone size-medium wp-image-4163\" alt=\"Screen Shot 2013-05-02 at 11.20.29 AM\" src=\"http:\/\/www.openstack.org\/blog\/wp-content\/uploads\/2013\/05\/Screen-Shot-2013-05-02-at-11.20.29-AM-300x97.png\" width=\"300\" height=\"97\" srcset=\"https:\/\/www.openstack.org\/blog\/wp-content\/uploads\/2013\/05\/Screen-Shot-2013-05-02-at-11.20.29-AM-300x97.png 300w, https:\/\/www.openstack.org\/blog\/wp-content\/uploads\/2013\/05\/Screen-Shot-2013-05-02-at-11.20.29-AM.png 429w\" sizes=\"(max-width: 300px) 100vw, 300px\" \/><\/a><\/p>\n<p><a href=\"http:\/\/www.prweb.com\/releases\/2013\/3\/prweb10526716.htm\">OpenStack DACH Day 2013<\/a> will provide attendees with first\u00adhand insights from OpenStack developers and enterprises that are successfully using OpenStack in production environments for both private and public clouds. The lineup\u00a0includes speakers from industry leaders including:<\/p>\n<ul>\n<li>Jonathan Bryce, OpenStack Foundation<\/li>\n<li>Kurt Garloff, Deutsche Telekom AG<\/li>\n<li>Monty Taylor, HP<\/li>\n<li>Bernhard Wiedemann &amp; Sascha Peilicke, SUSE<\/li>\n<li>Muharem Hrnjadovic, Rackspace Cloud<\/li>\n<li>Dr. Wolfgang Schulze, Inktank<\/li>\n<li>Tobias Riedel, Netways<\/li>\n<li>Dr. Udo Seidel, Amadeus Data Processing<\/li>\n<\/ul>\n<p>Register to Attend:<\/p>\n<ul>\n<li>When: Friday, May 24, 2013<\/li>\n<li>Where: Berlin Fairgrounds (Messegel\u00e4nde unter dem Funkturm), Hall 7, as part of LinuxTag<\/li>\n<li>Tickets: Registration is free, and there 200 tickets available\u00a0at\u00a0<a href=\"http:\/\/openstackdach2013.eventbrite.com\/\">http:\/\/openstackdach2013.eventbrite.com<\/a><\/li>\n<\/ul>\n<p><b>Tel Aviv, Israel \u2013 Monday, May 27<\/b><\/p>\n<a href=\"http:\/\/www.openstack-israel.org\"><img loading=\"lazy\" class=\"alignnone size-medium wp-image-4149\" alt=\"Screen Shot 2013-05-02 at 10.51.04 AM\" src=\"http:\/\/www.openstack.org\/blog\/wp-content\/uploads\/2013\/05\/Screen-Shot-2013-05-02-at-10.51.04-AM-300x102.png\" width=\"300\" height=\"102\" srcset=\"https:\/\/www.openstack.org\/blog\/wp-content\/uploads\/2013\/05\/Screen-Shot-2013-05-02-at-10.51.04-AM-300x102.png 300w, https:\/\/www.openstack.org\/blog\/wp-content\/uploads\/2013\/05\/Screen-Shot-2013-05-02-at-10.51.04-AM.png 528w\" sizes=\"(max-width: 300px) 100vw, 300px\" \/><\/a>\n<p>Join the OpenStack community for the third <a href=\"http:\/\/www.openstack-israel.org\">OpenStack Israel<\/a> event, co-organized by OpenStack community supporters IGTCloud and GigaSpaces. The event is sponsored by the OpenStack Foundation and includes speakers from\u00a0across the OpenStack community. Hear about OpenStack&#8217;s newest\u00a0Grizzly release\u00a0from the source, deep-dive into the Quantum network, learn about the new Cinder storage,\u00a0hear what others are doing with OpenStack technology with real-life case studies from Intel, Liveperson and Alcatel, and meet the top industry\u00a0leaders from IBM, HP, Rackspace, RedHat, GigaSpaces, DreamHost, Radware, Ravello, Mirantis, Cloudsoft and Hastexo.<\/p>\n<p>Register to Attend:<\/p>\n<ul>\n<li>When: Monday, May 27, 2013<\/li>\n<li>Where:\u00a0Herzilya Arts Center\u00a0at 15 Jabotinsky Street in Herzilya, Israel<\/li>\n<li>Tickets: Registration is free, but there are only 300 tickets available, so register quickly!\u00a0<a href=\"http:\/\/www.openstack-israel.org\/\">http:\/\/www.openstack-israel.org<\/a><\/li>\n<\/ul>\n<p><b>Budapest, Hungary \u2013 Wednesday, May 29<\/b><\/p>\n<a href=\"http:\/\/openstackceeday.com\"><img loading=\"lazy\" class=\"alignnone size-medium wp-image-4148\" alt=\"Screen Shot 2013-05-02 at 10.50.39 AM\" src=\"http:\/\/www.openstack.org\/blog\/wp-content\/uploads\/2013\/05\/Screen-Shot-2013-05-02-at-10.50.39-AM-300x117.png\" width=\"300\" height=\"117\" srcset=\"https:\/\/www.openstack.org\/blog\/wp-content\/uploads\/2013\/05\/Screen-Shot-2013-05-02-at-10.50.39-AM-300x117.png 300w, https:\/\/www.openstack.org\/blog\/wp-content\/uploads\/2013\/05\/Screen-Shot-2013-05-02-at-10.50.39-AM.png 500w\" sizes=\"(max-width: 300px) 100vw, 300px\" \/><\/a>\n<p>Join us for <a href=\"http:\/\/openstackceeday.com\">OpenStack CEE Day<\/a> &#8211; a large-scale one day user conference for the Central &amp; Eastern European region. Attendees will get insights to OpenStack from industry-leading keynote speakers, as well as user case studies, workshops and deep dive sessions. The OpenStack CEE Day welcomes users, prospective users, ecosystem members, partners, developers and everyone who is excited about OpenStack&#8217;s open source cloud innovation.<\/p>\n<p>Register to Attend:<\/p>\n<ul>\n<li>When: Wednesday, May 29<\/li>\n<li>Where: The Boscolo Hotel,1073 Budapest, Erzs\u00e9bet k\u00f6r\u00fat 9-11<\/li>\n<li>Tickets: Registration is now open &#8211; <a href=\"http:\/\/openstackceeday.eventbrite.com\">http:\/\/openstackceeday.eventbrite.com<\/a><\/li>\n<\/ul>\n<p>####<\/p>\n<p><strong>Check out the latest hastexo blog post about each of these events &#8211; <a href=\"http:\/\/www.hastexo.com\/blogs\/florian\/2013\/05\/02\/its-may-it-must-be-openstack-month\"><em>It&#8217;s May. It must be OpenStack Month!\u00a0<\/em><\/a><\/strong><\/p>\n<p><strong>Follow <a href=\"https:\/\/twitter.com\/OpenStack\">@OpenStack <\/a>on Twitter<\/strong> <strong>for the latest news.<\/strong><\/p>\n","protected":false},"excerpt":{"rendered":"<p>Jonathan Bryce and a few members of the OpenStack Foundation team will be heading to Europe later this month to attend three key regional events. Jonathan and other noteworthy members of the OpenStack community will be speaking at each event. If you are in the area and would like to learn more about OpenStack or&#8230;  <a href=\"https:\/\/www.openstack.org\/blog\/germany-israel-hungary-openstack-events\/\" class=\"more-link\" title=\"Read Germany, Israel &#038; Hungary &#8211; OpenStack Events\">Read more &raquo;<\/a><\/p>\n","protected":false},"author":44,"featured_media":0,"comment_status":"open","ping_status":"closed","sticky":false,"template":"","format":"standard","meta":[],"categories":[3,9,1],"tags":[],"_links":{"self":[{"href":"https:\/\/www.openstack.org\/blog\/wp-json\/wp\/v2\/posts\/4141"}],"collection":[{"href":"https:\/\/www.openstack.org\/blog\/wp-json\/wp\/v2\/posts"}],"about":[{"href":"https:\/\/www.openstack.org\/blog\/wp-json\/wp\/v2\/types\/post"}],"author":[{"embeddable":true,"href":"https:\/\/www.openstack.org\/blog\/wp-json\/wp\/v2\/users\/44"}],"replies":[{"embeddable":true,"href":"https:\/\/www.openstack.org\/blog\/wp-json\/wp\/v2\/comments?post=4141"}],"version-history":[{"count":32,"href":"https:\/\/www.openstack.org\/blog\/wp-json\/wp\/v2\/posts\/4141\/revisions"}],"predecessor-version":[{"id":4176,"href":"https:\/\/www.openstack.org\/blog\/wp-json\/wp\/v2\/posts\/4141\/revisions\/4176"}],"wp:attachment":[{"href":"https:\/\/www.openstack.org\/blog\/wp-json\/wp\/v2\/media?parent=4141"}],"wp:term":[{"taxonomy":"category","embeddable":true,"href":"https:\/\/www.openstack.org\/blog\/wp-json\/wp\/v2\/categories?post=4141"},{"taxonomy":"post_tag","embeddable":true,"href":"https:\/\/www.openstack.org\/blog\/wp-json\/wp\/v2\/tags?post=4141"}],"curies":[{"name":"wp","href":"https:\/\/api.w.org\/{rel}","templated":true}]}}